{"id":129,"date":"2023-06-13T18:12:19","date_gmt":"2023-06-13T16:12:19","guid":{"rendered":"https:\/\/cla-edition.fr\/?p=129"},"modified":"2023-10-20T14:48:49","modified_gmt":"2023-10-20T12:48:49","slug":"livres-illustres","status":"publish","type":"post","link":"https:\/\/cla-edition.fr\/index.php\/2023\/06\/13\/livres-illustres\/","title":{"rendered":"Livres illustr\u00e9s"},"content":{"rendered":"\t\t<div data-elementor-type=\"wp-post\" data-elementor-id=\"129\" class=\"elementor elementor-129\">\n\t\t\t\t\t\t<section class=\"elementor-section elementor-top-section elementor-element elementor-element-93180ad elementor-section-boxed elementor-section-height-default elementor-section-height-default\" data-id=\"93180ad\" data-element_type=\"section\" data-e-type=\"section\">\n\t\t\t\t\t\t<div class=\"elementor-container elementor-column-gap-default\">\n\t\t\t\t\t<div class=\"elementor-column elementor-col-100 elementor-top-column elementor-element elementor-element-6ecd87a\" data-id=\"6ecd87a\" data-element_type=\"column\" data-e-type=\"column\">\n\t\t\t<div class=\"elementor-widget-wrap elementor-element-populated\">\n\t\t\t\t\t\t<div class=\"elementor-element elementor-element-e246034 elementor-widget elementor-widget-heading\" data-id=\"e246034\" data-element_type=\"widget\" data-e-type=\"widget\" data-widget_type=\"heading.default\">\n\t\t\t\t<div class=\"elementor-widget-container\">\n\t\t\t\t\t<h2 class=\"elementor-heading-title elementor-size-default\">Les enfants sont \u00e0 l'honneur !<\/h2>\t\t\t\t<\/div>\n\t\t\t\t<\/div>\n\t\t\t\t\t<\/div>\n\t\t<\/div>\n\t\t\t\t\t<\/div>\n\t\t<\/section>\n\t\t\t\t<section class=\"elementor-section elementor-top-section elementor-element elementor-element-393384b elementor-section-boxed elementor-section-height-default elementor-section-height-default\" data-id=\"393384b\" data-element_type=\"section\" data-e-type=\"section\">\n\t\t\t\t\t\t<div class=\"elementor-container elementor-column-gap-default\">\n\t\t\t\t\t<div class=\"elementor-column elementor-col-100 elementor-top-column elementor-element elementor-element-5d6be7e\" data-id=\"5d6be7e\" data-element_type=\"column\" data-e-type=\"column\">\n\t\t\t<div class=\"elementor-widget-wrap elementor-element-populated\">\n\t\t\t\t\t\t<div class=\"elementor-element elementor-element-3ba7caa elementor-widget elementor-widget-text-editor\" data-id=\"3ba7caa\" data-element_type=\"widget\" data-e-type=\"widget\" data-widget_type=\"text-editor.default\">\n\t\t\t\t<div class=\"elementor-widget-container\">\n\t\t\t\t\t\t\t\t\t<p>Quoi de mieux \u00a0pour un enfant (et m\u00eame un adulte !) que de d\u00e9couvrir une belle histoire \u00a0?<\/p><p>Nous avons tous au moins une histoire qui nous a marqu\u00e9s durant notre enfance. Qu\u2019elle soit r\u00e9elle, fictive, chr\u00e9tienne, avec une simple morale ou issue de contes populaires, cette histoire que l\u2019on a longtemps retenue, a eu immanquablement un impact, positif ou non, sur la personne que nous sommes aujourd\u2019hui et sur certaines valeurs que nous gardons ancr\u00e9es profond\u00e9ment en nous.<\/p><p>L\u2019id\u00e9e d\u2019un prince charmant sans d\u00e9faut, d\u2019une princesse devant se faire secourir, d\u2019une personne de faibles conditions qui h\u00e9rite un jour d\u2019une fortune colossale\u2026 Les exemples ne manquent pas et\u00a0ces histoires conditionnent nos attentes futures.<\/p><p>Voil\u00e0 pourquoi, la CLA \u00c9dition a d\u00e9cid\u00e9 d\u2019\u00e9crire et dessiner des histoires pour enfants destin\u00e9es \u00e0 promouvoir, de mani\u00e8re directe ou sugg\u00e9r\u00e9e, des valeurs centr\u00e9es sur l\u2019amour, l\u2019amiti\u00e9, la fraternit\u00e9 et tout autre th\u00e8me que nous jugeons utile d\u2019inculquer pour nos enfants.<\/p>\t\t\t\t\t\t\t\t<\/div>\n\t\t\t\t<\/div>\n\t\t\t\t\t<\/div>\n\t\t<\/div>\n\t\t\t\t\t<\/div>\n\t\t<\/section>\n\t\t\t\t<\/div>\n\t\t","protected":false},"excerpt":{"rendered":"<p>Les enfants sont \u00e0 l&rsquo;honneur ! Quoi de mieux \u00a0pour un enfant (et m\u00eame un adulte !) que de d\u00e9couvrir une belle histoire \u00a0? Nous avons tous au moins une histoire qui nous a marqu\u00e9s durant notre enfance. Qu\u2019elle soit r\u00e9elle, fictive, chr\u00e9tienne, avec une simple morale ou issue de contes populaires, cette histoire que &hellip; <\/p>\n","protected":false},"author":1,"featured_media":0,"comment_status":"open","ping_status":"open","sticky":false,"template":"","format":"standard","meta":{"footnotes":""},"categories":[17],"tags":[],"class_list":["post-129","post","type-post","status-publish","format-standard","hentry","category-livres-pour-enfants"],"_links":{"self":[{"href":"https:\/\/cla-edition.fr\/index.php\/wp-json\/wp\/v2\/posts\/129","targetHints":{"allow":["GET"]}}],"collection":[{"href":"https:\/\/cla-edition.fr\/index.php\/wp-json\/wp\/v2\/posts"}],"about":[{"href":"https:\/\/cla-edition.fr\/index.php\/wp-json\/wp\/v2\/types\/post"}],"author":[{"embeddable":true,"href":"https:\/\/cla-edition.fr\/index.php\/wp-json\/wp\/v2\/users\/1"}],"replies":[{"embeddable":true,"href":"https:\/\/cla-edition.fr\/index.php\/wp-json\/wp\/v2\/comments?post=129"}],"version-history":[{"count":4,"href":"https:\/\/cla-edition.fr\/index.php\/wp-json\/wp\/v2\/posts\/129\/revisions"}],"predecessor-version":[{"id":528,"href":"https:\/\/cla-edition.fr\/index.php\/wp-json\/wp\/v2\/posts\/129\/revisions\/528"}],"wp:attachment":[{"href":"https:\/\/cla-edition.fr\/index.php\/wp-json\/wp\/v2\/media?parent=129"}],"wp:term":[{"taxonomy":"category","embeddable":true,"href":"https:\/\/cla-edition.fr\/index.php\/wp-json\/wp\/v2\/categories?post=129"},{"taxonomy":"post_tag","embeddable":true,"href":"https:\/\/cla-edition.fr\/index.php\/wp-json\/wp\/v2\/tags?post=129"}],"curies":[{"name":"wp","href":"https:\/\/api.w.org\/{rel}","templated":true}]}}